{"id":955,"date":"2013-12-06T14:26:03","date_gmt":"2013-12-06T13:26:03","guid":{"rendered":"https:\/\/www.coeurduweb.com\/blog\/?p=955"},"modified":"2016-05-30T13:29:24","modified_gmt":"2016-05-30T11:29:24","slug":"fnac-perte-pagerank","status":"publish","type":"post","link":"https:\/\/www.coeurduweb.com\/blog\/2013\/12\/06\/fnac-perte-pagerank\/","title":{"rendered":"Pourquoi la FNAC a perdu son pagerank ?"},"content":{"rendered":"<p style=\"text-align: left;\"><em>Allez, un nouveau papier dans la rubrique \u00ab\u00a0Question\u00a0\u00bb. Car justement, je vous mets \u00e0 contribution pour r\u00e9pondre \u00e0 MA question du jour : \u00ab\u00a0pourquoi la FNAC a perdu son pagerank ?\u00a0\u00bb<\/em><\/p>\r\n<p style=\"text-align: left;\">Tiens, on parle de <strong>#Pagerank<\/strong> ce matin. Cela faisait longtemps. Parmi d&rsquo;autres, le JDN l&rsquo;annonce comme une belle surprise apr\u00e8s des mois et des mois sans \u00e9volution de la c\u00e9l\u00e8bre barre verte.<\/p>\r\n<p style=\"text-align: left;\">Pour ma part, je m&rsquo;en accommodais tr\u00e8s bien, sachant comme la plupart des r\u00e9f\u00e9renceurs que les vrais indicateurs se sont d\u00e9plac\u00e9s sur des crit\u00e8res de confiance, de popularit\u00e9, de qualit\u00e9 aussi bien des liens externes que des pages et de l&rsquo;architecture du site.<\/p>\r\n<p style=\"text-align: left;\">En tout cas, c&rsquo;est un super marronnier, ce sujet du Pagerank. Beau sujet pour ceux qui aiment bien se comparer, sortir le double d\u00e9cim\u00e8tre (ou triple d\u00e9cim\u00e8tre pour les mythos) et astiquer la barre verte pour avoir la plus grosse.<\/p>\r\n<p style=\"text-align: left;\"><!--more--><\/p>\r\n\r\n<h2 style=\"text-align: left;\">OMG, la FNAC a perdu son pagerank !<\/h2>\r\n<p style=\"text-align: left;\">Suite \u00e0 un tweet de Kevin Richard<\/p>\r\n\r\n<blockquote class=\"twitter-tweet\" lang=\"fr\">pr gris\u00e9 pour <a href=\"http:\/\/t.co\/CMCTO3TuuZ\">http:\/\/t.co\/CMCTO3TuuZ<\/a> , hum\r\n\r\n\u2014 512\u212canque\u2122 (@512banque) <a href=\"https:\/\/mobile.twitter.com\/512banque\/statuses\/408710364990562304\">5 D\u00e9cembre 2013<\/a><\/blockquote>\r\n&nbsp;\r\n<p style=\"text-align: left;\">qui soulignait que http:\/\/www.fnac.com avait son \u00a0Pagerank gris\u00e9, je me demandais ce qui pouvait avoir comme raison ce PR gris\u00e9.<\/p>\r\n<p style=\"text-align: left;\">D&rsquo;autres comme Benoit Perrotin<\/p>\r\n\r\n<blockquote class=\"twitter-tweet\" lang=\"fr\">Fnac toujours PR0 avec la maj du PageRank&#8230; Comme Cdiscount PR3.. paye ta logique.\r\n\r\n\u2014 Beno\u00eet (@benoitperrotin) <a href=\"https:\/\/mobile.twitter.com\/benoitperrotin\/statuses\/408900840020131840\">6 D\u00e9cembre 2013<\/a><\/blockquote>\r\n&nbsp;\r\n<p style=\"text-align: left;\">soulignaient avec pertinence que certains n&rsquo;avaient pas le pagerank auquel ils estiment avoir droit.<\/p>\r\n\r\n<h2 style=\"text-align: left;\">Des liens en footer consid\u00e9r\u00e9s comme des liens payants ?<\/h2>\r\n<p style=\"text-align: left;\">Certains ont avanc\u00e9 la vente de liens. Oh, 4 petites liens externes en bas de page sur un site over trustr\u00e9, faut pas d\u00e9conner. D&rsquo;autant que ces 4 sites appartiennent au groupe FNAC. Bon, Google n&rsquo;est pas sens\u00e9 conna\u00eetre ce lien de filiation (et non d&rsquo;affiliation !!!), alors je ne crois pas que \u00e7a soit \u00e7a.<\/p>\r\n<p style=\"text-align: left;\">Personnellement, je n&rsquo;ai pas d&rsquo;id\u00e9e. Cela me semble \u00eatre une sanction trop grande vis \u00e0 vis d&rsquo;une faute, si tent\u00e9e que ce soit une faute.<\/p>\r\n\r\n<h2 style=\"text-align: left;\">Un profil de netlinking et un trafic (estim\u00e9) tr\u00e8s propres<\/h2>\r\n<p style=\"text-align: left;\">Semrush (voir ci-dessous) donne m\u00eame une augmentation sensible du trafic.<\/p>\r\n\r\n\r\n<div id=\"attachment_958\" style=\"width: 710px\" class=\"wp-caption aligncenter\"><img aria-describedby=\"caption-attachment-958\" loading=\"lazy\" class=\"size-full wp-image-958\" alt=\"FNAC : une l\u00e9g\u00e8re progression de l'estimation du trafic organique (r\u00e9f\u00e9rencement naturel)\" src=\"https:\/\/www.coeurduweb.com\/blog\/wp-content\/uploads\/2013\/12\/fnac-semrush-trafic-estime.jpg\" width=\"700\" height=\"227\" srcset=\"https:\/\/www.coeurduweb.com\/blog\/wp-content\/uploads\/2013\/12\/fnac-semrush-trafic-estime.jpg 700w, https:\/\/www.coeurduweb.com\/blog\/wp-content\/uploads\/2013\/12\/fnac-semrush-trafic-estime-300x97.jpg 300w\" sizes=\"(max-width: 700px) 100vw, 700px\" \/><p id=\"caption-attachment-958\" class=\"wp-caption-text\">FNAC : une l\u00e9g\u00e8re progression de l&rsquo;estimation du trafic organique (r\u00e9f\u00e9rencement naturel)<\/p><\/div>\r\n<p style=\"text-align: left;\">Quand on regarde ci-dessous le profil de netlinking de la FNAC, on constate le haut degr\u00e9 de confiance et de popularit\u00e9 associ\u00e9 \u00e0 un nombre cons\u00e9quent de sites r\u00e9f\u00e9rents. Bon, ceux qui connaissent ce type d&rsquo;\u00e9cran de MajesticSEO comprennent tout l&rsquo;int\u00e9r\u00eat de ces indicateurs qui montrent un site solide (\u00e0 part peut \u00eatre la disproportion de backlinks vis \u00e0 vis du nombre de sites, mais passons).<\/p>\r\n\r\n\r\n<div id=\"attachment_957\" style=\"width: 710px\" class=\"wp-caption aligncenter\"><img aria-describedby=\"caption-attachment-957\" loading=\"lazy\" class=\"size-full wp-image-957\" alt=\"FNAC le graphique MajesticSEO indiquant le degr\u00e9 de confiance et de popularit\u00e9 du netlinking\" src=\"https:\/\/www.coeurduweb.com\/blog\/wp-content\/uploads\/2013\/12\/fnac-majesticseo-confiance-popularite-netlinking.jpg\" width=\"700\" height=\"354\" srcset=\"https:\/\/www.coeurduweb.com\/blog\/wp-content\/uploads\/2013\/12\/fnac-majesticseo-confiance-popularite-netlinking.jpg 700w, https:\/\/www.coeurduweb.com\/blog\/wp-content\/uploads\/2013\/12\/fnac-majesticseo-confiance-popularite-netlinking-300x151.jpg 300w\" sizes=\"(max-width: 700px) 100vw, 700px\" \/><p id=\"caption-attachment-957\" class=\"wp-caption-text\">FNAC le graphique MajesticSEO indiquant le degr\u00e9 de confiance et de popularit\u00e9 du netlinking<\/p><\/div>\r\n<h2 style=\"text-align: left;\">Tu as un avis, sur la perte de pagerank de la FNAC ?<\/h2>\r\n<p style=\"text-align: left;\">Un avis ? Les SEO qui ont discut\u00e9 de cela pensent justement que c&rsquo;est \u00e0 cause de ces 4 pauvres petits liens en footer.<\/p>\r\n<p style=\"text-align: left;\">Je suis dubitatif. Google qui sort la hache juste pour \u00e7a ? D&rsquo;autant que ce ne sont pas des liens payant (au sens strict du terme).<\/p>\r\n<p style=\"text-align: left;\">Et toi, tu en penses quoi exactement ? Vente de liens, Google qui tousse ou bien une autre raison ?<\/p>\r\n\r\n<h2 style=\"text-align: left;\"><\/h2>\r\n<p style=\"text-align: left;\"><em>psst ! psst ! tu n&rsquo;es pas encore inscrit sur le <a href=\"https:\/\/plus.google.com\/communities\/105101288770246041742\"><strong>groupe Google+ \u00ab\u00a0R\u00e9f\u00e9rencement SEO\/SEM, l&rsquo;acc\u00e9l\u00e9rateur de visibilit\u00e9\u00a0\u00bb<\/strong><\/a>\u00a0? Pousse tes articles, forwarde des infos, trouve des personnes au del\u00e0 de tes cercles !<\/em><\/p>\r\n\r\n<h2 style=\"text-align: left;\">Mise \u00e0 jour 06\/12\/2013 16h47<\/h2>\r\n<blockquote class=\"twitter-tweet\" lang=\"fr\">fnac a bien r\u00e9cup\u00e9r\u00e9 son PR7 par contre oui PR2 pour cdiscount.. c&rsquo;est peut etre li\u00e9 \u00e0 la maj de PR ? (ca d\u00e9conne parfois)\r\n\r\n\u2014 512\u212canque\u2122 (@512banque) <a href=\"https:\/\/mobile.twitter.com\/512banque\/statuses\/408985418353627136\">6 D\u00e9cembre 2013<\/a><\/blockquote>\r\n&nbsp;","protected":false},"excerpt":{"rendered":"<p>Allez, un nouveau papier dans la rubrique \u00ab\u00a0Question\u00a0\u00bb. Car justement, je vous mets \u00e0 contribution pour r\u00e9pondre \u00e0 MA question du jour : \u00ab\u00a0pourquoi la FNAC a perdu son pagerank ?\u00a0\u00bb Tiens, on parle de #Pagerank ce matin. Cela faisait longtemps. Parmi d&rsquo;autres, le JDN l&rsquo;annonce comme une belle surprise apr\u00e8s des mois et des [&hellip;]<\/p>\n","protected":false},"author":3,"featured_media":0,"comment_status":"open","ping_status":"closed","sticky":false,"template":"","format":"standard","meta":[],"categories":[184],"tags":[],"_links":{"self":[{"href":"https:\/\/www.coeurduweb.com\/blog\/wp-json\/wp\/v2\/posts\/955"}],"collection":[{"href":"https:\/\/www.coeurduweb.com\/blog\/wp-json\/wp\/v2\/posts"}],"about":[{"href":"https:\/\/www.coeurduweb.com\/blog\/wp-json\/wp\/v2\/types\/post"}],"author":[{"embeddable":true,"href":"https:\/\/www.coeurduweb.com\/blog\/wp-json\/wp\/v2\/users\/3"}],"replies":[{"embeddable":true,"href":"https:\/\/www.coeurduweb.com\/blog\/wp-json\/wp\/v2\/comments?post=955"}],"version-history":[{"count":0,"href":"https:\/\/www.coeurduweb.com\/blog\/wp-json\/wp\/v2\/posts\/955\/revisions"}],"wp:attachment":[{"href":"https:\/\/www.coeurduweb.com\/blog\/wp-json\/wp\/v2\/media?parent=955"}],"wp:term":[{"taxonomy":"category","embeddable":true,"href":"https:\/\/www.coeurduweb.com\/blog\/wp-json\/wp\/v2\/categories?post=955"},{"taxonomy":"post_tag","embeddable":true,"href":"https:\/\/www.coeurduweb.com\/blog\/wp-json\/wp\/v2\/tags?post=955"}],"curies":[{"name":"wp","href":"https:\/\/api.w.org\/{rel}","templated":true}]}}